{"id":10304,"date":"2026-08-27T17:14:26","date_gmt":"2026-08-27T15:14:26","guid":{"rendered":"https:\/\/gsajdovscina.si\/?p=10304"},"modified":"2026-08-28T08:17:05","modified_gmt":"2026-08-28T06:17:05","slug":"prvi-solski-dan-in-zacetek-pouka-2","status":"publish","type":"post","link":"https:\/\/gsajdovscina.si\/?p=10304","title":{"rendered":"Prvi \u0161olski dan in za\u010detek pouka"},"content":{"rendered":"<p>[et_pb_section fb_built=&#8221;1&#8243; _builder_version=&#8221;4.27.7&#8243; _module_preset=&#8221;default&#8221; background_color=&#8221;RGBA(255,255,255,0)&#8221; global_colors_info=&#8221;{}&#8221; theme_builder_area=&#8221;post_content&#8221;][et_pb_row _builder_version=&#8221;4.27.7&#8243; _module_preset=&#8221;default&#8221; global_colors_info=&#8221;{}&#8221; theme_builder_area=&#8221;post_content&#8221;][et_pb_column type=&#8221;4_4&#8243; _builder_version=&#8221;4.27.7&#8243; _module_preset=&#8221;default&#8221; global_colors_info=&#8221;{}&#8221; theme_builder_area=&#8221;post_content&#8221;][et_pb_heading title=&#8221;Prvi \u0161olski dan in za\u010detek pouka&#8221; _builder_version=&#8221;4.27.7&#8243; _module_preset=&#8221;default&#8221; global_colors_info=&#8221;{}&#8221; theme_builder_area=&#8221;post_content&#8221;][\/et_pb_heading][\/et_pb_column][\/et_pb_row][et_pb_row _builder_version=&#8221;4.27.7&#8243; _module_preset=&#8221;default&#8221; global_colors_info=&#8221;{}&#8221; theme_builder_area=&#8221;post_content&#8221;][et_pb_column type=&#8221;4_4&#8243; _builder_version=&#8221;4.27.7&#8243; _module_preset=&#8221;default&#8221; global_colors_info=&#8221;{}&#8221; theme_builder_area=&#8221;post_content&#8221;][et_pb_text _builder_version=&#8221;4.27.8&#8243; _module_preset=&#8221;default&#8221; text_line_height=&#8221;1.4em&#8221; custom_margin=&#8221;0px||||false|false&#8221; custom_padding=&#8221;0px||||false|false&#8221; hover_enabled=&#8221;0&#8243; global_colors_info=&#8221;{}&#8221; theme_builder_area=&#8221;post_content&#8221; text_font=&#8221;Georgia||||||||&#8221; text_font_size=&#8221;25px&#8221; sticky_enabled=&#8221;0&#8243;]<\/p>\n<p style=\"text-align: justify;\">Prvi \u0161olski dan v \u0161olskem letu 2026\/2027 je <strong>torek, 1. september. <\/strong><\/p>\n<p style=\"text-align: justify;\"><strong>V stavbi mati\u010dne \u0161ole na Cesti 5. maja 7 v Ajdov\u0161\u010dini se bomo zbrali ob 17. uri. <\/strong>To velja tudi za tiste, ki boste pouk obiskovali v Vipavi.<\/p>\n<p style=\"text-align: justify;\">Ob navedeni uri bo potekala razdelitev urnika individualnega pouka. Izjemoma lahko usklajevanje urnika poteka ob drugi uri, \u010de vas o tem obvesti u\u010ditelj instrumenta (v primeru, da u\u010ditelj u\u010di tudi na drugi \u0161oli).<\/p>\n<p style=\"text-align: justify;\"><strong>Pouk PLESNE PRIPRAVNICE in BALETA bo \u017ee 1. septembra POTEKAL PO URNIKU.<\/strong><\/p>\n<p style=\"text-align: justify;\"><strong>Pouk PRED\u0160OLSKE GLASBENE VZGOJE, GLASBENE PRIPRAVNICE, NAUKA O GLASBI in SOLFEGGIA se za\u010dne po urniku 2. septembra.<\/strong><br \/><strong><\/strong><\/p>\n<p style=\"text-align: justify;\">Veselimo se sodelovanja z vami in vam \u017eelimo, da bi bilo \u0161olsko leto uspe\u0161no, radovedno, razposajeno in muzikalno!<\/p>\n<p style=\"text-align: justify;\">\n<p style=\"text-align: justify;\">\n<p style=\"text-align: justify;\"><strong><\/strong><\/p>\n<p>[\/et_pb_text][\/et_pb_column][\/et_pb_row][et_pb_row _builder_version=&#8221;4.27.7&#8243; _module_preset=&#8221;default&#8221; global_colors_info=&#8221;{}&#8221; theme_builder_area=&#8221;post_content&#8221;][et_pb_column type=&#8221;4_4&#8243; _builder_version=&#8221;4.27.7&#8243; _module_preset=&#8221;default&#8221; global_colors_info=&#8221;{}&#8221; theme_builder_area=&#8221;post_content&#8221;][et_pb_text _builder_version=&#8221;4.27.7&#8243; _module_preset=&#8221;default&#8221; global_colors_info=&#8221;{}&#8221; theme_builder_area=&#8221;post_content&#8221;]<\/p>\n<p>NE SPREGLEJTE:<\/p>\n<p>[\/et_pb_text][\/et_pb_column][\/et_pb_row][et_pb_row column_structure=&#8221;1_2,1_2&#8243; _builder_version=&#8221;4.27.7&#8243; _module_preset=&#8221;default&#8221; global_colors_info=&#8221;{}&#8221; theme_builder_area=&#8221;post_content&#8221;][et_pb_column type=&#8221;1_2&#8243; _builder_version=&#8221;4.27.7&#8243; _module_preset=&#8221;default&#8221; global_colors_info=&#8221;{}&#8221; theme_builder_area=&#8221;post_content&#8221;][et_pb_button button_url=&#8221;https:\/\/gsajdovscina.si\/?page_id=3150&#8243; button_text=&#8221;Urnik skupinskega pouka S POPRAVKI&#8221; _builder_version=&#8221;4.27.8&#8243; _module_preset=&#8221;default&#8221; box_shadow_style=&#8221;preset6&#8243; box_shadow_color=&#8221;#8300E9&#8243; global_colors_info=&#8221;{}&#8221; theme_builder_area=&#8221;post_content&#8221;][\/et_pb_button][\/et_pb_column][et_pb_column type=&#8221;1_2&#8243; _builder_version=&#8221;4.27.7&#8243; _module_preset=&#8221;default&#8221; global_colors_info=&#8221;{}&#8221; theme_builder_area=&#8221;post_content&#8221;][et_pb_button button_url=&#8221;https:\/\/gsajdovscina.si\/?p=3126&#8243; button_text=&#8221;Delovni zvezki in druge potreb\u0161\u010dine&#8221; _builder_version=&#8221;4.27.7&#8243; _module_preset=&#8221;default&#8221; box_shadow_style=&#8221;preset6&#8243; box_shadow_color=&#8221;#8300E9&#8243; global_colors_info=&#8221;{}&#8221; theme_builder_area=&#8221;post_content&#8221;][\/et_pb_button][\/et_pb_column][\/et_pb_row][\/et_pb_section]<\/p>\n","protected":false},"excerpt":{"rendered":"<p>Prvi \u0161olski dan v \u0161olskem letu 2026\/2027 je torek, 1. september. V stavbi mati\u010dne \u0161ole na Cesti 5. maja 7 v Ajdov\u0161\u010dini se bomo zbrali ob 17. uri. To velja tudi za tiste, ki boste pouk obiskovali v Vipavi. Ob navedeni uri bo potekala razdelitev urnika individualnega pouka. Izjemoma lahko usklajevanje urnika poteka ob drugi [&hellip;]<\/p>\n","protected":false},"author":3,"featured_media":0,"comment_status":"open","ping_status":"open","sticky":false,"template":"","format":"standard","meta":{"_et_pb_use_builder":"on","_et_pb_old_content":"","_et_gb_content_width":"","footnotes":""},"categories":[3],"tags":[],"class_list":["post-10304","post","type-post","status-publish","format-standard","hentry","category-obvestila"],"yoast_head":"<!-- This site is optimized with the Yoast SEO plugin v28.2 - https:\/\/yoast.com\/product\/yoast-seo-wordpress\/ -->\n<title>Prvi \u0161olski dan in za\u010detek pouka - Glasbena \u0161ola Ajdov\u0161\u010dina<\/title>\n<meta name=\"robots\" content=\"index, follow, max-snippet:-1, max-image-preview:large, max-video-preview:-1\" \/>\n<link rel=\"canonical\" href=\"https:\/\/gsajdovscina.si\/?p=10304\" \/>\n<meta property=\"og:locale\" content=\"sl_SI\" \/>\n<meta property=\"og:type\" content=\"article\" \/>\n<meta property=\"og:title\" content=\"Prvi \u0161olski dan in za\u010detek pouka - Glasbena \u0161ola Ajdov\u0161\u010dina\" \/>\n<meta property=\"og:description\" content=\"Prvi \u0161olski dan v \u0161olskem letu 2026\/2027 je torek, 1. september. V stavbi mati\u010dne \u0161ole na Cesti 5. maja 7 v Ajdov\u0161\u010dini se bomo zbrali ob 17. uri. To velja tudi za tiste, ki boste pouk obiskovali v Vipavi. Ob navedeni uri bo potekala razdelitev urnika individualnega pouka. Izjemoma lahko usklajevanje urnika poteka ob drugi [&hellip;]\" \/>\n<meta property=\"og:url\" content=\"https:\/\/gsajdovscina.si\/?p=10304\" \/>\n<meta property=\"og:site_name\" content=\"Glasbena \u0161ola Ajdov\u0161\u010dina\" \/>\n<meta property=\"article:published_time\" content=\"2026-08-27T15:14:26+00:00\" \/>\n<meta property=\"article:modified_time\" content=\"2026-08-28T06:17:05+00:00\" \/>\n<meta name=\"author\" content=\"katarina\" \/>\n<meta name=\"twitter:card\" content=\"summary_large_image\" \/>\n<meta name=\"twitter:label1\" content=\"Written by\" \/>\n\t<meta name=\"twitter:data1\" content=\"katarina\" \/>\n\t<meta name=\"twitter:label2\" content=\"Est. reading time\" \/>\n\t<meta name=\"twitter:data2\" content=\"1 minuta\" \/>\n<script type=\"application\/ld+json\" class=\"yoast-schema-graph\">{\"@context\":\"https:\\\/\\\/schema.org\",\"@graph\":[{\"@type\":\"Article\",\"@id\":\"https:\\\/\\\/gsajdovscina.si\\\/?p=10304#article\",\"isPartOf\":{\"@id\":\"https:\\\/\\\/gsajdovscina.si\\\/?p=10304\"},\"author\":{\"name\":\"katarina\",\"@id\":\"https:\\\/\\\/gsajdovscina.si\\\/#\\\/schema\\\/person\\\/4d351300cc971de66e997e91b465d77e\"},\"headline\":\"Prvi \u0161olski dan in za\u010detek pouka\",\"datePublished\":\"2026-08-27T15:14:26+00:00\",\"dateModified\":\"2026-08-28T06:17:05+00:00\",\"mainEntityOfPage\":{\"@id\":\"https:\\\/\\\/gsajdovscina.si\\\/?p=10304\"},\"wordCount\":503,\"commentCount\":0,\"articleSection\":[\"Obvestila\"],\"inLanguage\":\"sl-SI\",\"potentialAction\":[{\"@type\":\"CommentAction\",\"name\":\"Comment\",\"target\":[\"https:\\\/\\\/gsajdovscina.si\\\/?p=10304#respond\"]}]},{\"@type\":\"WebPage\",\"@id\":\"https:\\\/\\\/gsajdovscina.si\\\/?p=10304\",\"url\":\"https:\\\/\\\/gsajdovscina.si\\\/?p=10304\",\"name\":\"Prvi \u0161olski dan in za\u010detek pouka - Glasbena \u0161ola Ajdov\u0161\u010dina\",\"isPartOf\":{\"@id\":\"https:\\\/\\\/gsajdovscina.si\\\/#website\"},\"datePublished\":\"2026-08-27T15:14:26+00:00\",\"dateModified\":\"2026-08-28T06:17:05+00:00\",\"author\":{\"@id\":\"https:\\\/\\\/gsajdovscina.si\\\/#\\\/schema\\\/person\\\/4d351300cc971de66e997e91b465d77e\"},\"breadcrumb\":{\"@id\":\"https:\\\/\\\/gsajdovscina.si\\\/?p=10304#breadcrumb\"},\"inLanguage\":\"sl-SI\",\"potentialAction\":[{\"@type\":\"ReadAction\",\"target\":[\"https:\\\/\\\/gsajdovscina.si\\\/?p=10304\"]}]},{\"@type\":\"BreadcrumbList\",\"@id\":\"https:\\\/\\\/gsajdovscina.si\\\/?p=10304#breadcrumb\",\"itemListElement\":[{\"@type\":\"ListItem\",\"position\":1,\"name\":\"Home\",\"item\":\"https:\\\/\\\/gsajdovscina.si\\\/\"},{\"@type\":\"ListItem\",\"position\":2,\"name\":\"Prvi \u0161olski dan in za\u010detek pouka\"}]},{\"@type\":\"WebSite\",\"@id\":\"https:\\\/\\\/gsajdovscina.si\\\/#website\",\"url\":\"https:\\\/\\\/gsajdovscina.si\\\/\",\"name\":\"Glasbena \u0161ola Ajdov\u0161\u010dina\",\"description\":\"\",\"potentialAction\":[{\"@type\":\"SearchAction\",\"target\":{\"@type\":\"EntryPoint\",\"urlTemplate\":\"https:\\\/\\\/gsajdovscina.si\\\/?s={search_term_string}\"},\"query-input\":{\"@type\":\"PropertyValueSpecification\",\"valueRequired\":true,\"valueName\":\"search_term_string\"}}],\"inLanguage\":\"sl-SI\"},{\"@type\":\"Person\",\"@id\":\"https:\\\/\\\/gsajdovscina.si\\\/#\\\/schema\\\/person\\\/4d351300cc971de66e997e91b465d77e\",\"name\":\"katarina\",\"image\":{\"@type\":\"ImageObject\",\"inLanguage\":\"sl-SI\",\"@id\":\"https:\\\/\\\/secure.gravatar.com\\\/avatar\\\/a6570429eb62b78af957fb6d4d58376f787b3a317cd1cf6195efe70a73478f52?s=96&d=mm&r=g\",\"url\":\"https:\\\/\\\/secure.gravatar.com\\\/avatar\\\/a6570429eb62b78af957fb6d4d58376f787b3a317cd1cf6195efe70a73478f52?s=96&d=mm&r=g\",\"contentUrl\":\"https:\\\/\\\/secure.gravatar.com\\\/avatar\\\/a6570429eb62b78af957fb6d4d58376f787b3a317cd1cf6195efe70a73478f52?s=96&d=mm&r=g\",\"caption\":\"katarina\"},\"url\":\"https:\\\/\\\/gsajdovscina.si\\\/?author=3\"}]}<\/script>\n<!-- \/ Yoast SEO plugin. -->","yoast_head_json":{"title":"Prvi \u0161olski dan in za\u010detek pouka - Glasbena \u0161ola Ajdov\u0161\u010dina","robots":{"index":"index","follow":"follow","max-snippet":"max-snippet:-1","max-image-preview":"max-image-preview:large","max-video-preview":"max-video-preview:-1"},"canonical":"https:\/\/gsajdovscina.si\/?p=10304","og_locale":"sl_SI","og_type":"article","og_title":"Prvi \u0161olski dan in za\u010detek pouka - Glasbena \u0161ola Ajdov\u0161\u010dina","og_description":"Prvi \u0161olski dan v \u0161olskem letu 2026\/2027 je torek, 1. september. V stavbi mati\u010dne \u0161ole na Cesti 5. maja 7 v Ajdov\u0161\u010dini se bomo zbrali ob 17. uri. To velja tudi za tiste, ki boste pouk obiskovali v Vipavi. Ob navedeni uri bo potekala razdelitev urnika individualnega pouka. Izjemoma lahko usklajevanje urnika poteka ob drugi [&hellip;]","og_url":"https:\/\/gsajdovscina.si\/?p=10304","og_site_name":"Glasbena \u0161ola Ajdov\u0161\u010dina","article_published_time":"2026-08-27T15:14:26+00:00","article_modified_time":"2026-08-28T06:17:05+00:00","author":"katarina","twitter_card":"summary_large_image","twitter_misc":{"Written by":"katarina","Est. reading time":"1 minuta"},"schema":{"@context":"https:\/\/schema.org","@graph":[{"@type":"Article","@id":"https:\/\/gsajdovscina.si\/?p=10304#article","isPartOf":{"@id":"https:\/\/gsajdovscina.si\/?p=10304"},"author":{"name":"katarina","@id":"https:\/\/gsajdovscina.si\/#\/schema\/person\/4d351300cc971de66e997e91b465d77e"},"headline":"Prvi \u0161olski dan in za\u010detek pouka","datePublished":"2026-08-27T15:14:26+00:00","dateModified":"2026-08-28T06:17:05+00:00","mainEntityOfPage":{"@id":"https:\/\/gsajdovscina.si\/?p=10304"},"wordCount":503,"commentCount":0,"articleSection":["Obvestila"],"inLanguage":"sl-SI","potentialAction":[{"@type":"CommentAction","name":"Comment","target":["https:\/\/gsajdovscina.si\/?p=10304#respond"]}]},{"@type":"WebPage","@id":"https:\/\/gsajdovscina.si\/?p=10304","url":"https:\/\/gsajdovscina.si\/?p=10304","name":"Prvi \u0161olski dan in za\u010detek pouka - Glasbena \u0161ola Ajdov\u0161\u010dina","isPartOf":{"@id":"https:\/\/gsajdovscina.si\/#website"},"datePublished":"2026-08-27T15:14:26+00:00","dateModified":"2026-08-28T06:17:05+00:00","author":{"@id":"https:\/\/gsajdovscina.si\/#\/schema\/person\/4d351300cc971de66e997e91b465d77e"},"breadcrumb":{"@id":"https:\/\/gsajdovscina.si\/?p=10304#breadcrumb"},"inLanguage":"sl-SI","potentialAction":[{"@type":"ReadAction","target":["https:\/\/gsajdovscina.si\/?p=10304"]}]},{"@type":"BreadcrumbList","@id":"https:\/\/gsajdovscina.si\/?p=10304#breadcrumb","itemListElement":[{"@type":"ListItem","position":1,"name":"Home","item":"https:\/\/gsajdovscina.si\/"},{"@type":"ListItem","position":2,"name":"Prvi \u0161olski dan in za\u010detek pouka"}]},{"@type":"WebSite","@id":"https:\/\/gsajdovscina.si\/#website","url":"https:\/\/gsajdovscina.si\/","name":"Glasbena \u0161ola Ajdov\u0161\u010dina","description":"","potentialAction":[{"@type":"SearchAction","target":{"@type":"EntryPoint","urlTemplate":"https:\/\/gsajdovscina.si\/?s={search_term_string}"},"query-input":{"@type":"PropertyValueSpecification","valueRequired":true,"valueName":"search_term_string"}}],"inLanguage":"sl-SI"},{"@type":"Person","@id":"https:\/\/gsajdovscina.si\/#\/schema\/person\/4d351300cc971de66e997e91b465d77e","name":"katarina","image":{"@type":"ImageObject","inLanguage":"sl-SI","@id":"https:\/\/secure.gravatar.com\/avatar\/a6570429eb62b78af957fb6d4d58376f787b3a317cd1cf6195efe70a73478f52?s=96&d=mm&r=g","url":"https:\/\/secure.gravatar.com\/avatar\/a6570429eb62b78af957fb6d4d58376f787b3a317cd1cf6195efe70a73478f52?s=96&d=mm&r=g","contentUrl":"https:\/\/secure.gravatar.com\/avatar\/a6570429eb62b78af957fb6d4d58376f787b3a317cd1cf6195efe70a73478f52?s=96&d=mm&r=g","caption":"katarina"},"url":"https:\/\/gsajdovscina.si\/?author=3"}]}},"_links":{"self":[{"href":"https:\/\/gsajdovscina.si\/index.php?rest_route=\/wp\/v2\/posts\/10304","targetHints":{"allow":["GET"]}}],"collection":[{"href":"https:\/\/gsajdovscina.si\/index.php?rest_route=\/wp\/v2\/posts"}],"about":[{"href":"https:\/\/gsajdovscina.si\/index.php?rest_route=\/wp\/v2\/types\/post"}],"author":[{"embeddable":true,"href":"https:\/\/gsajdovscina.si\/index.php?rest_route=\/wp\/v2\/users\/3"}],"replies":[{"embeddable":true,"href":"https:\/\/gsajdovscina.si\/index.php?rest_route=%2Fwp%2Fv2%2Fcomments&post=10304"}],"version-history":[{"count":16,"href":"https:\/\/gsajdovscina.si\/index.php?rest_route=\/wp\/v2\/posts\/10304\/revisions"}],"predecessor-version":[{"id":10377,"href":"https:\/\/gsajdovscina.si\/index.php?rest_route=\/wp\/v2\/posts\/10304\/revisions\/10377"}],"wp:attachment":[{"href":"https:\/\/gsajdovscina.si\/index.php?rest_route=%2Fwp%2Fv2%2Fmedia&parent=10304"}],"wp:term":[{"taxonomy":"category","embeddable":true,"href":"https:\/\/gsajdovscina.si\/index.php?rest_route=%2Fwp%2Fv2%2Fcategories&post=10304"},{"taxonomy":"post_tag","embeddable":true,"href":"https:\/\/gsajdovscina.si\/index.php?rest_route=%2Fwp%2Fv2%2Ftags&post=10304"}],"curies":[{"name":"wp","href":"https:\/\/api.w.org\/{rel}","templated":true}]}}